{"id":2947,"date":"2020-06-06T07:39:04","date_gmt":"2020-06-06T07:39:04","guid":{"rendered":"http:\/\/www.ttv-siegelbach.de\/?p=2947"},"modified":"2020-06-06T07:40:36","modified_gmt":"2020-06-06T07:40:36","slug":"update-corona-virus","status":"publish","type":"post","link":"http:\/\/www.ttv-siegelbach.de\/?p=2947","title":{"rendered":"Update Corona-Virus"},"content":{"rendered":"\n<p>Leider werden die st\u00e4dtischen Hallen erst wieder nach den Sommerferien ge\u00f6ffnet. Daher wird das erste Training seit M\u00e4rz voraussichtlich erst am  19. August stattfinden k\u00f6nnen. Vermutlich wird es auch dann noch zu Einschr\u00e4nkungen kommen, daher bitte f\u00fcr jedes Training beim 1. Vorstand anmelden. \u00c4nderungen der Trainingszeiten sind wahrscheinlich.<\/p>\n","protected":false},"excerpt":{"rendered":"<p>Leider werden die st\u00e4dtischen Hallen erst wieder nach den Sommerferien ge\u00f6ffnet. Daher wird das erste Training seit M\u00e4rz voraussichtlich erst am 19. August stattfinden k\u00f6nnen. Vermutlich wird es auch dann noch zu Einschr\u00e4nkungen kommen, daher bitte f\u00fcr jedes Training beim &hellip; <a href=\"http:\/\/www.ttv-siegelbach.de\/?p=2947\">Weiterlesen <span class=\"meta-nav\">&rarr;<\/span><\/a><\/p>\n","protected":false},"author":4,"featured_media":0,"comment_status":"closed","ping_status":"closed","sticky":false,"template":"","format":"standard","meta":{"ngg_post_thumbnail":0,"footnotes":""},"categories":[1],"tags":[],"_links":{"self":[{"href":"http:\/\/www.ttv-siegelbach.de\/index.php?rest_route=\/wp\/v2\/posts\/2947"}],"collection":[{"href":"http:\/\/www.ttv-siegelbach.de\/index.php?rest_route=\/wp\/v2\/posts"}],"about":[{"href":"http:\/\/www.ttv-siegelbach.de\/index.php?rest_route=\/wp\/v2\/types\/post"}],"author":[{"embeddable":true,"href":"http:\/\/www.ttv-siegelbach.de\/index.php?rest_route=\/wp\/v2\/users\/4"}],"replies":[{"embeddable":true,"href":"http:\/\/www.ttv-siegelbach.de\/index.php?rest_route=%2Fwp%2Fv2%2Fcomments&post=2947"}],"version-history":[{"count":2,"href":"http:\/\/www.ttv-siegelbach.de\/index.php?rest_route=\/wp\/v2\/posts\/2947\/revisions"}],"predecessor-version":[{"id":2949,"href":"http:\/\/www.ttv-siegelbach.de\/index.php?rest_route=\/wp\/v2\/posts\/2947\/revisions\/2949"}],"wp:attachment":[{"href":"http:\/\/www.ttv-siegelbach.de\/index.php?rest_route=%2Fwp%2Fv2%2Fmedia&parent=2947"}],"wp:term":[{"taxonomy":"category","embeddable":true,"href":"http:\/\/www.ttv-siegelbach.de\/index.php?rest_route=%2Fwp%2Fv2%2Fcategories&post=2947"},{"taxonomy":"post_tag","embeddable":true,"href":"http:\/\/www.ttv-siegelbach.de\/index.php?rest_route=%2Fwp%2Fv2%2Ftags&post=2947"}],"curies":[{"name":"wp","href":"https:\/\/api.w.org\/{rel}","templated":true}]}}