{"id":2547,"date":"2017-06-17T10:32:07","date_gmt":"2017-06-17T10:32:07","guid":{"rendered":"http:\/\/www.ttv-siegelbach.de\/?p=2547"},"modified":"2017-06-17T10:32:28","modified_gmt":"2017-06-17T10:32:28","slug":"jahreshauptversammlung","status":"publish","type":"post","link":"http:\/\/www.ttv-siegelbach.de\/?p=2547","title":{"rendered":"Jahreshauptversammlung 2017"},"content":{"rendered":"<p>Bei der diesj\u00e4hrigen Jahreshauptversammlung wurde eine Erh\u00f6hung der Mitgliedsbeitr\u00e4ge f\u00fcr die aktiven Mitglieder um 12 \u20ac j\u00e4hrlich beschlossen, da ansonsten Zusch\u00fcsse des Sportbundes gestrichen werden w\u00fcrden.<\/p>\n<p>Zudem wurde f\u00fcr unser verstorbenes Gr\u00fcndungsmitglied Heinz Jacob eine Gedenkminute gehalten.<\/p>\n<p>Bei den Ehrungen erhielten dieses Jahr insgesamt 19 Personen eine Urkunde sowie Ehrennadeln.<\/p>\n<p>Insbesondere bei unserem Ehrenmitglied Richard Kiefhaber bedanken wir uns f\u00fcr 60 Jahre Mitgliedschaft!<\/p>\n<p><a href=\"http:\/\/www.ttv-siegelbach.de\/wp-content\/uploads\/2017\/06\/Geehrte-Generalversammlung-zugeschnitten.jpg\"><img loading=\"lazy\" decoding=\"async\" class=\"alignnone size-medium wp-image-2548\" src=\"http:\/\/www.ttv-siegelbach.de\/wp-content\/uploads\/2017\/06\/Geehrte-Generalversammlung-zugeschnitten-400x260.jpg\" alt=\"\" width=\"400\" height=\"260\" srcset=\"http:\/\/www.ttv-siegelbach.de\/wp-content\/uploads\/2017\/06\/Geehrte-Generalversammlung-zugeschnitten-400x260.jpg 400w, http:\/\/www.ttv-siegelbach.de\/wp-content\/uploads\/2017\/06\/Geehrte-Generalversammlung-zugeschnitten-768x500.jpg 768w, http:\/\/www.ttv-siegelbach.de\/wp-content\/uploads\/2017\/06\/Geehrte-Generalversammlung-zugeschnitten.jpg 936w\" sizes=\"(max-width: 400px) 100vw, 400px\" \/><\/a><\/p>\n","protected":false},"excerpt":{"rendered":"<p>Bei der diesj\u00e4hrigen Jahreshauptversammlung wurde eine Erh\u00f6hung der Mitgliedsbeitr\u00e4ge f\u00fcr die aktiven Mitglieder um 12 \u20ac j\u00e4hrlich beschlossen, da ansonsten Zusch\u00fcsse des Sportbundes gestrichen werden w\u00fcrden. Zudem wurde f\u00fcr unser verstorbenes Gr\u00fcndungsmitglied Heinz Jacob eine Gedenkminute gehalten. Bei den Ehrungen &hellip; <a href=\"http:\/\/www.ttv-siegelbach.de\/?p=2547\">Weiterlesen <span class=\"meta-nav\">&rarr;<\/span><\/a><\/p>\n","protected":false},"author":4,"featured_media":0,"comment_status":"closed","ping_status":"closed","sticky":false,"template":"","format":"standard","meta":{"ngg_post_thumbnail":0,"footnotes":""},"categories":[1],"tags":[],"_links":{"self":[{"href":"http:\/\/www.ttv-siegelbach.de\/index.php?rest_route=\/wp\/v2\/posts\/2547"}],"collection":[{"href":"http:\/\/www.ttv-siegelbach.de\/index.php?rest_route=\/wp\/v2\/posts"}],"about":[{"href":"http:\/\/www.ttv-siegelbach.de\/index.php?rest_route=\/wp\/v2\/types\/post"}],"author":[{"embeddable":true,"href":"http:\/\/www.ttv-siegelbach.de\/index.php?rest_route=\/wp\/v2\/users\/4"}],"replies":[{"embeddable":true,"href":"http:\/\/www.ttv-siegelbach.de\/index.php?rest_route=%2Fwp%2Fv2%2Fcomments&post=2547"}],"version-history":[{"count":2,"href":"http:\/\/www.ttv-siegelbach.de\/index.php?rest_route=\/wp\/v2\/posts\/2547\/revisions"}],"predecessor-version":[{"id":2550,"href":"http:\/\/www.ttv-siegelbach.de\/index.php?rest_route=\/wp\/v2\/posts\/2547\/revisions\/2550"}],"wp:attachment":[{"href":"http:\/\/www.ttv-siegelbach.de\/index.php?rest_route=%2Fwp%2Fv2%2Fmedia&parent=2547"}],"wp:term":[{"taxonomy":"category","embeddable":true,"href":"http:\/\/www.ttv-siegelbach.de\/index.php?rest_route=%2Fwp%2Fv2%2Fcategories&post=2547"},{"taxonomy":"post_tag","embeddable":true,"href":"http:\/\/www.ttv-siegelbach.de\/index.php?rest_route=%2Fwp%2Fv2%2Ftags&post=2547"}],"curies":[{"name":"wp","href":"https:\/\/api.w.org\/{rel}","templated":true}]}}